{"id":338,"date":"2019-05-15T18:46:43","date_gmt":"2019-05-15T15:46:43","guid":{"rendered":"http:\/\/ozananitulescu.ro\/blog\/?p=338"},"modified":"2023-05-30T22:54:06","modified_gmt":"2023-05-30T19:54:06","slug":"acasa-si-documentarea-intimitatii","status":"publish","type":"post","link":"https:\/\/ozanamiron.ro\/blog\/acasa-si-documentarea-intimitatii\/","title":{"rendered":"\u201eAcas\u0103\u201d \u0219i documentarea intimit\u0103\u021bii"},"content":{"rendered":"\n<p>Din c\u00e2nd \u00een c\u00e2nd, \u00eemi mai arunc un ochi pe site-ul <a href=\"https:\/\/www.magnumphotos.com\/\">Magnum<\/a>, pe care l-am descoperit odat\u0103 cu fotografiile lui <a href=\"https:\/\/blog.f64.ro\/2015\/10\/30\/un-fotograf-pe-saptamana-henri-cartier-bresson\/\">Henri Cartier-Bresson<\/a>, \u0219i care \u00eemi aduce bucurie \u0219i mirare de fiecare dat\u0103.&nbsp; Acum, mi-a adus \u00een plus inspira\u021bie, printr-un <a href=\"https:\/\/www.magnumphotos.com\/arts-culture\/society-arts-culture\/fujifilm-home-magnum-photos\/\">articol despre ce \u00eenseamn\u0103 \u201eacas\u0103\u201d<\/a>, despre intimitate \u0219i cum pot fi documentate prin fotografie. M-a f\u0103cut s\u0103 m\u0103 g\u00e2ndesc la \u00een\u021belesurile proprii pe care le dau acestor dou\u0103 cuvinte, \u0219i la sensurile pe care le g\u0103sesc \u00een \u0219i prin ele. <\/p>\n\n\n\n<!--more-->\n\n\n<p>\u00cen 2017, mai mul\u021bi fotografi au primit ca tem\u0103 s\u0103 exploreze conceptul de \u201eacas\u0103\u201d \u0219i articolul descrie felurile \u00een care ei s-au raportat personal la el. \u201eA fost o provocare binevenit\u0103: o invita\u021bie c\u0103tre explorarea de sine, din care a rezultat o c\u0103l\u0103torie profund reflexiv\u0103.\u201d <span style=\"color: #808080;\">(\u201eexploring the notion of \u201chome\u201d in such a personal way was a welcome challenge: an invitation to self-exploration, which resulted in a deeply thoughtful journey.\u201d)<\/span> \u0218i nici nu prea putea fi altfel, pentru c\u0103 \u201eacas\u0103\u201d indic\u0103 o direc\u021bie \u0219i un loc din care venim, un grup de oameni de care apar\u021binem, toate absolut unice \u0219i proprii, chiar dac\u0103 avem parte din ele \u00een comun cu alte persoane. \u201eAcas\u0103\u201d leag\u0103 lumea de afar\u0103, concret\u0103, cu cea interioar\u0103, subiectiv\u0103, \u00eentr-un mod constant \u0219i \u00eencep\u00e2nd din primele momente de via\u021b\u0103; \u201eacas\u0103\u201d este foarte mult despre ata\u0219ament, despre apartenen\u021b\u0103, despre rela\u021bia cu lumea \u0219i despre cea cu sine, despre cum suntem \u00een lume \u0219i \u00een corp.&nbsp;<\/p>\n<p>G\u00e2ndindu-m\u0103 la sensul pe care \u00eel dau eu cuv\u00e2ntului, \u00eemi dau seama c\u0103 \u00een\u021belesul lui s-a schimbat de-a lungul timpului, a crescut odat\u0103 cu mine, \u0219i e \u00eentr-o continu\u0103 mi\u0219care, mai mult sau mai pu\u021bin subtil\u0103. Cu siguran\u021b\u0103 se refer\u0103 la un anume spa\u021biu pe care \u00eel simt ca pe o r\u0103sfr\u00e2ngere a mea \u00een afar\u0103, dar \u0219i la anumite persoane cu care \u0219tiu c\u0103 putem fi \u00eempreun\u0103 a\u0219a cum suntem fiecare. \u201eAcas\u0103\u201d este \u0219i o stare de spirit, o emo\u021bie de fond, care apar\u021bine simultan mai multor zone senzoriale <span style=\"color: #808080;\">(poate o relaxare a mu\u0219chilor, o senza\u021bie fin\u0103 de c\u0103ldur\u0103, o respira\u021bie mai profund\u0103)<\/span> \u0219i care e greu de pus \u00een cuvinte dar m\u0103 duce \u00eenspre confort, siguran\u021b\u0103, libertate, protec\u021bie, hr\u0103nire, calm \u0219i bucurie. &nbsp; &nbsp; &nbsp;<\/p>\n<p>Citind \u00eens\u0103 articolul, am dat printre altele \u0219i de urm\u0103toarea fraz\u0103: \u201eaparatul de fotografiat este unealta perfect\u0103 pentru jurnal \u0219i mediul ideal pentru a documenta intimitatea, cea proprie sau cea a altora\u201d <span style=\"color: #808080;\">(\u201ethe camera is the perfect diaristic tool and the ideal medium to document intimacy, one\u2019s own or that of others\u201d)<\/span>. Am fost surprins\u0103, pentru c\u0103 &#8211; oric\u00e2t de evident mi se pare acum &#8211; nu al\u0103turasem p\u00e2n\u0103 la acel moment \u201eacas\u0103\u201d cu \u201eintimitate\u201d, \u201edocumentare\u201d \u0219i \u201ejurnal\u201d, \u0219i nici nu m\u0103 g\u00e2ndisem c\u0103 fotografia ar putea fi cel mai potrivit mod de a face leg\u0103tura dintre ele. &nbsp;<\/p>\n\n\n<p>Tr\u0103iesc foarte mult printre cuvinte, lucrez cu ele \u0219i am \u00eenceput s\u0103 le simt apropiate, ca ni\u0219te prieteni dragi. C\u00e2nd m\u0103 g\u00e2ndesc la modul \u00een care simt c\u0103 m\u0103 exprim cel mai bine, m\u0103 g\u00e2ndesc la cuvinte. Am de asemenea un jurnal \u00een care scriu relativ constant, dar pe care \u00eel v\u0103d mai degrab\u0103 ca pe un mijloc prin care \u00eemi procesez experien\u021bele, m\u0103 ajut\u0103 s\u0103-mi pun ordine \u00een g\u00e2nduri, s\u0103-mi dau seama mai clar de ce \u0219i cum simt, \u0219i este una dintre modalit\u0103\u021bile prin care lucrez cu visele \u0219i \u00eemi reglez emo\u021biile. &nbsp; <\/p>\n\n\n\n<p>\u00cen acela\u0219i timp imaginile au un loc aparte \u00een via\u021ba mea. Le-am studiat, le-am privit \u0219i am lucrat cu \u0219i printre ele o vreme destul de \u00eendelungat\u0103. \u00cen continuare imaginile m\u0103 atrag, m\u0103 inspir\u0103, m\u0103 bucur\u0103 \u0219i \u00eemi \u00eembog\u0103\u021besc via\u021ba, sunt pentru mine surse de cunoa\u0219tere \u0219i catalizatoare de emo\u021bii \u0219i idei. Totodat\u0103, v\u0103zul are foarte mult de-a face cu felul \u00een care percep spa\u021biul. Sunt atent\u0103 la felul \u00een care arat\u0103 locurile prin care trec, \u00een care lucrez \u0219i \u00een care tr\u0103iesc, la felurile \u00een care m\u0103 influen\u021beaz\u0103 \u0219i la cum le pot eu schimba pe ele. Fotografiez adesea c\u00e2te ceva din spa\u021biile din jurul meu, de cele mai multe ori pentru c\u0103 le g\u0103sesc frumoase \u0219i efemere \u0219i pentru c\u0103 simt c\u0103 \u00een felul acesta le recunosc pe ele \u0219i m\u0103 recunosc \u0219i pe mine ca parte din lumea lor. E un fel de a le da bine\u021be. &nbsp; <\/p>\n\n\n\n<p>Cele mai multe poze pe care le fac sunt cu spa\u021biile prin care trec sau \u00een care stau cel mai des, \u0219i care intr\u0103 \u00een ceea ce \u00eenseamn\u0103 pentru mine \u201eacas\u0103\u201d. Am foarte multe cu sufrageria, de exemplu, sau cu fereastra de la buc\u0103t\u0103rie, cu p\u0103r\u021bi din cabinet, cu anumite cl\u0103diri pe l\u00e2ng\u0103 care merg, cu zone din parc. Le \u0219tiu, sunt spa\u021biile \u00een care respir \u0219i tr\u0103iesc, sunt previzibile \u0219i primitoare &#8211; \u0219i cu toate astea descop\u0103r mereu c\u00e2te ceva nou \u0219i minunat la ele: felul \u00een care le transform\u0103 lumina, unghiuri \u0219i combina\u021bii de culori pe care nu le observasem sau chiar nu erau mai \u00eenainte, alte fiin\u021be care schimb\u0103 c\u00e2te ceva, o alt\u0103 atmosfer\u0103. &nbsp;<\/p>\n\n\n<p>\u0218i cu toate astea, nu m-am g\u00e2ndit niciodat\u0103 s\u0103 numesc ceea ce scriu \u0219i fotografiez drept o documentare a intimit\u0103\u021bii, o punere \u00een jurnal a ceea ce \u00eenseamn\u0103 pentru mine \u201eacas\u0103\u201d de-a lungul timpului. Este o schimbare de perspectiv\u0103 <span style=\"color: #808080;\">(ce pot face cuvintele!)<\/span> care m\u0103 ajut\u0103 s\u0103 fiu mai con\u0219tient\u0103 de mine \u00eens\u0103mi, de ac\u021biunile mele \u0219i de ce g\u0103sesc c\u0103 este semnificativ, \u0219i care \u00eemi \u00eembog\u0103\u021be\u0219te \u0219i \u00eemi aduce mai la zi&nbsp;self-conceptul <span style=\"color: #808080;\">(care se refer\u0103, pe scurt spus, la ceea ce \u0219tiu despre mine)<\/span>. &nbsp;<\/p>\n\n\n<p>\u00cenchei a\u0219adar cu o invita\u021bie spre reflec\u021bie: ce \u00eenseamn\u0103 pentru voi \u201eacas\u0103\u201d, cum se leag\u0103 de intimitate, \u0219i cum le-a\u021bi documenta dac\u0103 g\u0103si\u021bi \u00een asta vreun sens? &nbsp; &nbsp;<\/p>\n\n\n\n<div style=\"height:20px\" aria-hidden=\"true\" class=\"wp-block-spacer\"><\/div>\n\n\n\n<p>P.S.: Imaginea este cu lumina din <a href=\"https:\/\/www.google.ro\/search?q=ozana+nitulescu+bra%C8%99ov&amp;ie=UTF-8&amp;oe=UTF-8&amp;hl=en-ro&amp;client=safari#trex=m_t:lcl_akp,rc_f:nav,rc_ludocids:12195418850541486655,rc_q:Ozana%2520Ni%25C8%259Bulescu%2520-%2520Psihoterapeut%2520centrat%2520pe%2520persoan%25C4%2583,ru_q:Ozana%2520Ni%25C8%259Bulescu%2520-%2520Psihoterapeut%2520centrat%2520pe%2520persoan%25C4%2583\">cabinetul de la Bra\u0219ov<\/a>. \u2764\ufe0f       <\/p>\n","protected":false},"excerpt":{"rendered":"<p>Din c\u00e2nd \u00een c\u00e2nd, \u00eemi mai arunc un ochi pe site-ul Magnum, pe care l-am descoperit odat\u0103 cu fotografiile lui Henri Cartier-Bresson, \u0219i care \u00eemi aduce bucurie \u0219i mirare de fiecare dat\u0103.&nbsp; Acum, mi-a adus \u00een plus inspira\u021bie, printr-un articol despre ce \u00eenseamn\u0103 \u201eacas\u0103\u201d, despre intimitate \u0219i cum pot fi documentate prin fotografie. M-a f\u0103cut &hellip; <a href=\"https:\/\/ozanamiron.ro\/blog\/acasa-si-documentarea-intimitatii\/\" class=\"more-link\">Continue reading <span class=\"screen-reader-text\">\u201eAcas\u0103\u201d \u0219i documentarea intimit\u0103\u021bii<\/span><\/a><\/p>\n","protected":false},"author":1,"featured_media":341,"comment_status":"open","ping_status":"open","sticky":false,"template":"","format":"standard","meta":{"jetpack_post_was_ever_published":false,"_jetpack_newsletter_access":"","_jetpack_dont_email_post_to_subs":false,"_jetpack_newsletter_tier_id":0,"_jetpack_memberships_contains_paywalled_content":false,"_jetpack_memberships_contains_paid_content":false,"footnotes":"","jetpack_publicize_message":"","jetpack_publicize_feature_enabled":true,"jetpack_social_post_already_shared":true,"jetpack_social_options":{"image_generator_settings":{"template":"highway","enabled":false},"version":2}},"categories":[47,32],"tags":[61,37,62,64,63,29],"jetpack_publicize_connections":[],"yoast_head":"<!-- This site is optimized with the Yoast SEO plugin v24.5 - https:\/\/yoast.com\/wordpress\/plugins\/seo\/ -->\n<title>\u201eAcas\u0103\u201d \u0219i documentarea intimit\u0103\u021bii - Ozana Miron<\/title>\n<meta name=\"description\" content=\"Ce \u00eenseamn\u0103 \u201eacas\u0103\u201d \u0219i cum ar putea fi documentat\u0103 intimitatea? Un articol \u0219i fotografii Magnum ca surs\u0103 de inspira\u021bie pentru reflec\u021bie.\" \/>\n<meta name=\"robots\" content=\"index, follow, max-snippet:-1, max-image-preview:large, max-video-preview:-1\" \/>\n<link rel=\"canonical\" href=\"https:\/\/ozanamiron.ro\/blog\/acasa-si-documentarea-intimitatii\/\" \/>\n<meta property=\"og:locale\" content=\"en_US\" \/>\n<meta property=\"og:type\" content=\"article\" \/>\n<meta property=\"og:title\" content=\"\u201eAcas\u0103\u201d \u0219i documentarea intimit\u0103\u021bii - Ozana Miron\" \/>\n<meta property=\"og:description\" content=\"Ce \u00eenseamn\u0103 \u201eacas\u0103\u201d \u0219i cum ar putea fi documentat\u0103 intimitatea? Un articol \u0219i fotografii Magnum ca surs\u0103 de inspira\u021bie pentru reflec\u021bie.\" \/>\n<meta property=\"og:url\" content=\"https:\/\/ozanamiron.ro\/blog\/acasa-si-documentarea-intimitatii\/\" \/>\n<meta property=\"og:site_name\" content=\"Ozana Miron\" \/>\n<meta property=\"article:publisher\" content=\"https:\/\/www.facebook.com\/Psihoterapeut.Ozana.Miron\/\" \/>\n<meta property=\"article:author\" content=\"https:\/\/www.facebook.com\/Psihoterapeut.Ozana.Miron\/\" \/>\n<meta property=\"article:published_time\" content=\"2019-05-15T15:46:43+00:00\" \/>\n<meta property=\"article:modified_time\" content=\"2023-05-30T19:54:06+00:00\" \/>\n<meta property=\"og:image\" content=\"https:\/\/ozanamiron.ro\/blog\/wp-content\/uploads\/2019\/05\/8033A00F-F9FC-4362-A059-824F084B0652.jpeg\" \/>\n\t<meta property=\"og:image:width\" content=\"4032\" \/>\n\t<meta property=\"og:image:height\" content=\"3024\" \/>\n\t<meta property=\"og:image:type\" content=\"image\/jpeg\" \/>\n<meta name=\"author\" content=\"ozana\" \/>\n<meta name=\"twitter:label1\" content=\"Written by\" \/>\n\t<meta name=\"twitter:data1\" content=\"ozana\" \/>\n\t<meta name=\"twitter:label2\" content=\"Est. reading time\" \/>\n\t<meta name=\"twitter:data2\" content=\"5 minutes\" \/>\n<script type=\"application\/ld+json\" class=\"yoast-schema-graph\">{\"@context\":\"https:\/\/schema.org\",\"@graph\":[{\"@type\":\"Article\",\"@id\":\"https:\/\/ozanamiron.ro\/blog\/acasa-si-documentarea-intimitatii\/#article\",\"isPartOf\":{\"@id\":\"https:\/\/ozanamiron.ro\/blog\/acasa-si-documentarea-intimitatii\/\"},\"author\":{\"name\":\"ozana\",\"@id\":\"https:\/\/ozanamiron.ro\/blog\/#\/schema\/person\/725705a7dc6040616f72093cd641c489\"},\"headline\":\"\u201eAcas\u0103\u201d \u0219i documentarea intimit\u0103\u021bii\",\"datePublished\":\"2019-05-15T15:46:43+00:00\",\"dateModified\":\"2023-05-30T19:54:06+00:00\",\"mainEntityOfPage\":{\"@id\":\"https:\/\/ozanamiron.ro\/blog\/acasa-si-documentarea-intimitatii\/\"},\"wordCount\":1056,\"commentCount\":0,\"publisher\":{\"@id\":\"https:\/\/ozanamiron.ro\/blog\/#organization\"},\"image\":{\"@id\":\"https:\/\/ozanamiron.ro\/blog\/acasa-si-documentarea-intimitatii\/#primaryimage\"},\"thumbnailUrl\":\"https:\/\/i0.wp.com\/ozanamiron.ro\/blog\/wp-content\/uploads\/2019\/05\/8033A00F-F9FC-4362-A059-824F084B0652.jpeg?fit=4032%2C3024&ssl=1\",\"keywords\":[\"acas\u0103\",\"actualizare\",\"fotografie\",\"intimitate\",\"jurnal\",\"self-concept\"],\"articleSection\":[\"preocup\u0103ri\",\"procesul meu\"],\"inLanguage\":\"en-US\",\"potentialAction\":[{\"@type\":\"CommentAction\",\"name\":\"Comment\",\"target\":[\"https:\/\/ozanamiron.ro\/blog\/acasa-si-documentarea-intimitatii\/#respond\"]}]},{\"@type\":\"WebPage\",\"@id\":\"https:\/\/ozanamiron.ro\/blog\/acasa-si-documentarea-intimitatii\/\",\"url\":\"https:\/\/ozanamiron.ro\/blog\/acasa-si-documentarea-intimitatii\/\",\"name\":\"\u201eAcas\u0103\u201d \u0219i documentarea intimit\u0103\u021bii - Ozana Miron\",\"isPartOf\":{\"@id\":\"https:\/\/ozanamiron.ro\/blog\/#website\"},\"primaryImageOfPage\":{\"@id\":\"https:\/\/ozanamiron.ro\/blog\/acasa-si-documentarea-intimitatii\/#primaryimage\"},\"image\":{\"@id\":\"https:\/\/ozanamiron.ro\/blog\/acasa-si-documentarea-intimitatii\/#primaryimage\"},\"thumbnailUrl\":\"https:\/\/i0.wp.com\/ozanamiron.ro\/blog\/wp-content\/uploads\/2019\/05\/8033A00F-F9FC-4362-A059-824F084B0652.jpeg?fit=4032%2C3024&ssl=1\",\"datePublished\":\"2019-05-15T15:46:43+00:00\",\"dateModified\":\"2023-05-30T19:54:06+00:00\",\"description\":\"Ce \u00eenseamn\u0103 \u201eacas\u0103\u201d \u0219i cum ar putea fi documentat\u0103 intimitatea? Un articol \u0219i fotografii Magnum ca surs\u0103 de inspira\u021bie pentru reflec\u021bie.\",\"breadcrumb\":{\"@id\":\"https:\/\/ozanamiron.ro\/blog\/acasa-si-documentarea-intimitatii\/#breadcrumb\"},\"inLanguage\":\"en-US\",\"potentialAction\":[{\"@type\":\"ReadAction\",\"target\":[\"https:\/\/ozanamiron.ro\/blog\/acasa-si-documentarea-intimitatii\/\"]}]},{\"@type\":\"ImageObject\",\"inLanguage\":\"en-US\",\"@id\":\"https:\/\/ozanamiron.ro\/blog\/acasa-si-documentarea-intimitatii\/#primaryimage\",\"url\":\"https:\/\/i0.wp.com\/ozanamiron.ro\/blog\/wp-content\/uploads\/2019\/05\/8033A00F-F9FC-4362-A059-824F084B0652.jpeg?fit=4032%2C3024&ssl=1\",\"contentUrl\":\"https:\/\/i0.wp.com\/ozanamiron.ro\/blog\/wp-content\/uploads\/2019\/05\/8033A00F-F9FC-4362-A059-824F084B0652.jpeg?fit=4032%2C3024&ssl=1\",\"width\":4032,\"height\":3024,\"caption\":\"Lumina din cabinetul din Bra\u0219ov\"},{\"@type\":\"BreadcrumbList\",\"@id\":\"https:\/\/ozanamiron.ro\/blog\/acasa-si-documentarea-intimitatii\/#breadcrumb\",\"itemListElement\":[{\"@type\":\"ListItem\",\"position\":1,\"name\":\"Home\",\"item\":\"https:\/\/ozanamiron.ro\/blog\/\"},{\"@type\":\"ListItem\",\"position\":2,\"name\":\"\u201eAcas\u0103\u201d \u0219i documentarea intimit\u0103\u021bii\"}]},{\"@type\":\"WebSite\",\"@id\":\"https:\/\/ozanamiron.ro\/blog\/#website\",\"url\":\"https:\/\/ozanamiron.ro\/blog\/\",\"name\":\"Ozana Miron\",\"description\":\"Din pasiune, despre psihoterapia centrat\u0103 pe persoan\u0103.\",\"publisher\":{\"@id\":\"https:\/\/ozanamiron.ro\/blog\/#organization\"},\"potentialAction\":[{\"@type\":\"SearchAction\",\"target\":{\"@type\":\"EntryPoint\",\"urlTemplate\":\"https:\/\/ozanamiron.ro\/blog\/?s={search_term_string}\"},\"query-input\":{\"@type\":\"PropertyValueSpecification\",\"valueRequired\":true,\"valueName\":\"search_term_string\"}}],\"inLanguage\":\"en-US\"},{\"@type\":\"Organization\",\"@id\":\"https:\/\/ozanamiron.ro\/blog\/#organization\",\"name\":\"Ozana Miron\",\"url\":\"https:\/\/ozanamiron.ro\/blog\/\",\"logo\":{\"@type\":\"ImageObject\",\"inLanguage\":\"en-US\",\"@id\":\"https:\/\/ozanamiron.ro\/blog\/#\/schema\/logo\/image\/\",\"url\":\"https:\/\/i0.wp.com\/ozanamiron.ro\/blog\/wp-content\/uploads\/2015\/03\/copac-si-nori.jpg?fit=1080%2C1920&ssl=1\",\"contentUrl\":\"https:\/\/i0.wp.com\/ozanamiron.ro\/blog\/wp-content\/uploads\/2015\/03\/copac-si-nori.jpg?fit=1080%2C1920&ssl=1\",\"width\":1080,\"height\":1920,\"caption\":\"Ozana Miron\"},\"image\":{\"@id\":\"https:\/\/ozanamiron.ro\/blog\/#\/schema\/logo\/image\/\"},\"sameAs\":[\"https:\/\/www.facebook.com\/Psihoterapeut.Ozana.Miron\/\"]},{\"@type\":\"Person\",\"@id\":\"https:\/\/ozanamiron.ro\/blog\/#\/schema\/person\/725705a7dc6040616f72093cd641c489\",\"name\":\"ozana\",\"image\":{\"@type\":\"ImageObject\",\"inLanguage\":\"en-US\",\"@id\":\"https:\/\/ozanamiron.ro\/blog\/#\/schema\/person\/image\/\",\"url\":\"https:\/\/secure.gravatar.com\/avatar\/3044b6fc49a7c2f8dfe13f71a61d3806?s=96&d=mm&r=g\",\"contentUrl\":\"https:\/\/secure.gravatar.com\/avatar\/3044b6fc49a7c2f8dfe13f71a61d3806?s=96&d=mm&r=g\",\"caption\":\"ozana\"},\"sameAs\":[\"http:\/\/ozanamiron.ro\",\"https:\/\/www.facebook.com\/Psihoterapeut.Ozana.Miron\/\"],\"url\":\"https:\/\/ozanamiron.ro\/blog\/author\/ozana\/\"}]}<\/script>\n<!-- \/ Yoast SEO plugin. -->","yoast_head_json":{"title":"\u201eAcas\u0103\u201d \u0219i documentarea intimit\u0103\u021bii - Ozana Miron","description":"Ce \u00eenseamn\u0103 \u201eacas\u0103\u201d \u0219i cum ar putea fi documentat\u0103 intimitatea? Un articol \u0219i fotografii Magnum ca surs\u0103 de inspira\u021bie pentru reflec\u021bie.","robots":{"index":"index","follow":"follow","max-snippet":"max-snippet:-1","max-image-preview":"max-image-preview:large","max-video-preview":"max-video-preview:-1"},"canonical":"https:\/\/ozanamiron.ro\/blog\/acasa-si-documentarea-intimitatii\/","og_locale":"en_US","og_type":"article","og_title":"\u201eAcas\u0103\u201d \u0219i documentarea intimit\u0103\u021bii - Ozana Miron","og_description":"Ce \u00eenseamn\u0103 \u201eacas\u0103\u201d \u0219i cum ar putea fi documentat\u0103 intimitatea? Un articol \u0219i fotografii Magnum ca surs\u0103 de inspira\u021bie pentru reflec\u021bie.","og_url":"https:\/\/ozanamiron.ro\/blog\/acasa-si-documentarea-intimitatii\/","og_site_name":"Ozana Miron","article_publisher":"https:\/\/www.facebook.com\/Psihoterapeut.Ozana.Miron\/","article_author":"https:\/\/www.facebook.com\/Psihoterapeut.Ozana.Miron\/","article_published_time":"2019-05-15T15:46:43+00:00","article_modified_time":"2023-05-30T19:54:06+00:00","og_image":[{"width":4032,"height":3024,"url":"https:\/\/ozanamiron.ro\/blog\/wp-content\/uploads\/2019\/05\/8033A00F-F9FC-4362-A059-824F084B0652.jpeg","type":"image\/jpeg"}],"author":"ozana","twitter_misc":{"Written by":"ozana","Est. reading time":"5 minutes"},"schema":{"@context":"https:\/\/schema.org","@graph":[{"@type":"Article","@id":"https:\/\/ozanamiron.ro\/blog\/acasa-si-documentarea-intimitatii\/#article","isPartOf":{"@id":"https:\/\/ozanamiron.ro\/blog\/acasa-si-documentarea-intimitatii\/"},"author":{"name":"ozana","@id":"https:\/\/ozanamiron.ro\/blog\/#\/schema\/person\/725705a7dc6040616f72093cd641c489"},"headline":"\u201eAcas\u0103\u201d \u0219i documentarea intimit\u0103\u021bii","datePublished":"2019-05-15T15:46:43+00:00","dateModified":"2023-05-30T19:54:06+00:00","mainEntityOfPage":{"@id":"https:\/\/ozanamiron.ro\/blog\/acasa-si-documentarea-intimitatii\/"},"wordCount":1056,"commentCount":0,"publisher":{"@id":"https:\/\/ozanamiron.ro\/blog\/#organization"},"image":{"@id":"https:\/\/ozanamiron.ro\/blog\/acasa-si-documentarea-intimitatii\/#primaryimage"},"thumbnailUrl":"https:\/\/i0.wp.com\/ozanamiron.ro\/blog\/wp-content\/uploads\/2019\/05\/8033A00F-F9FC-4362-A059-824F084B0652.jpeg?fit=4032%2C3024&ssl=1","keywords":["acas\u0103","actualizare","fotografie","intimitate","jurnal","self-concept"],"articleSection":["preocup\u0103ri","procesul meu"],"inLanguage":"en-US","potentialAction":[{"@type":"CommentAction","name":"Comment","target":["https:\/\/ozanamiron.ro\/blog\/acasa-si-documentarea-intimitatii\/#respond"]}]},{"@type":"WebPage","@id":"https:\/\/ozanamiron.ro\/blog\/acasa-si-documentarea-intimitatii\/","url":"https:\/\/ozanamiron.ro\/blog\/acasa-si-documentarea-intimitatii\/","name":"\u201eAcas\u0103\u201d \u0219i documentarea intimit\u0103\u021bii - Ozana Miron","isPartOf":{"@id":"https:\/\/ozanamiron.ro\/blog\/#website"},"primaryImageOfPage":{"@id":"https:\/\/ozanamiron.ro\/blog\/acasa-si-documentarea-intimitatii\/#primaryimage"},"image":{"@id":"https:\/\/ozanamiron.ro\/blog\/acasa-si-documentarea-intimitatii\/#primaryimage"},"thumbnailUrl":"https:\/\/i0.wp.com\/ozanamiron.ro\/blog\/wp-content\/uploads\/2019\/05\/8033A00F-F9FC-4362-A059-824F084B0652.jpeg?fit=4032%2C3024&ssl=1","datePublished":"2019-05-15T15:46:43+00:00","dateModified":"2023-05-30T19:54:06+00:00","description":"Ce \u00eenseamn\u0103 \u201eacas\u0103\u201d \u0219i cum ar putea fi documentat\u0103 intimitatea? Un articol \u0219i fotografii Magnum ca surs\u0103 de inspira\u021bie pentru reflec\u021bie.","breadcrumb":{"@id":"https:\/\/ozanamiron.ro\/blog\/acasa-si-documentarea-intimitatii\/#breadcrumb"},"inLanguage":"en-US","potentialAction":[{"@type":"ReadAction","target":["https:\/\/ozanamiron.ro\/blog\/acasa-si-documentarea-intimitatii\/"]}]},{"@type":"ImageObject","inLanguage":"en-US","@id":"https:\/\/ozanamiron.ro\/blog\/acasa-si-documentarea-intimitatii\/#primaryimage","url":"https:\/\/i0.wp.com\/ozanamiron.ro\/blog\/wp-content\/uploads\/2019\/05\/8033A00F-F9FC-4362-A059-824F084B0652.jpeg?fit=4032%2C3024&ssl=1","contentUrl":"https:\/\/i0.wp.com\/ozanamiron.ro\/blog\/wp-content\/uploads\/2019\/05\/8033A00F-F9FC-4362-A059-824F084B0652.jpeg?fit=4032%2C3024&ssl=1","width":4032,"height":3024,"caption":"Lumina din cabinetul din Bra\u0219ov"},{"@type":"BreadcrumbList","@id":"https:\/\/ozanamiron.ro\/blog\/acasa-si-documentarea-intimitatii\/#breadcrumb","itemListElement":[{"@type":"ListItem","position":1,"name":"Home","item":"https:\/\/ozanamiron.ro\/blog\/"},{"@type":"ListItem","position":2,"name":"\u201eAcas\u0103\u201d \u0219i documentarea intimit\u0103\u021bii"}]},{"@type":"WebSite","@id":"https:\/\/ozanamiron.ro\/blog\/#website","url":"https:\/\/ozanamiron.ro\/blog\/","name":"Ozana Miron","description":"Din pasiune, despre psihoterapia centrat\u0103 pe persoan\u0103.","publisher":{"@id":"https:\/\/ozanamiron.ro\/blog\/#organization"},"potentialAction":[{"@type":"SearchAction","target":{"@type":"EntryPoint","urlTemplate":"https:\/\/ozanamiron.ro\/blog\/?s={search_term_string}"},"query-input":{"@type":"PropertyValueSpecification","valueRequired":true,"valueName":"search_term_string"}}],"inLanguage":"en-US"},{"@type":"Organization","@id":"https:\/\/ozanamiron.ro\/blog\/#organization","name":"Ozana Miron","url":"https:\/\/ozanamiron.ro\/blog\/","logo":{"@type":"ImageObject","inLanguage":"en-US","@id":"https:\/\/ozanamiron.ro\/blog\/#\/schema\/logo\/image\/","url":"https:\/\/i0.wp.com\/ozanamiron.ro\/blog\/wp-content\/uploads\/2015\/03\/copac-si-nori.jpg?fit=1080%2C1920&ssl=1","contentUrl":"https:\/\/i0.wp.com\/ozanamiron.ro\/blog\/wp-content\/uploads\/2015\/03\/copac-si-nori.jpg?fit=1080%2C1920&ssl=1","width":1080,"height":1920,"caption":"Ozana Miron"},"image":{"@id":"https:\/\/ozanamiron.ro\/blog\/#\/schema\/logo\/image\/"},"sameAs":["https:\/\/www.facebook.com\/Psihoterapeut.Ozana.Miron\/"]},{"@type":"Person","@id":"https:\/\/ozanamiron.ro\/blog\/#\/schema\/person\/725705a7dc6040616f72093cd641c489","name":"ozana","image":{"@type":"ImageObject","inLanguage":"en-US","@id":"https:\/\/ozanamiron.ro\/blog\/#\/schema\/person\/image\/","url":"https:\/\/secure.gravatar.com\/avatar\/3044b6fc49a7c2f8dfe13f71a61d3806?s=96&d=mm&r=g","contentUrl":"https:\/\/secure.gravatar.com\/avatar\/3044b6fc49a7c2f8dfe13f71a61d3806?s=96&d=mm&r=g","caption":"ozana"},"sameAs":["http:\/\/ozanamiron.ro","https:\/\/www.facebook.com\/Psihoterapeut.Ozana.Miron\/"],"url":"https:\/\/ozanamiron.ro\/blog\/author\/ozana\/"}]}},"jetpack_featured_media_url":"https:\/\/i0.wp.com\/ozanamiron.ro\/blog\/wp-content\/uploads\/2019\/05\/8033A00F-F9FC-4362-A059-824F084B0652.jpeg?fit=4032%2C3024&ssl=1","jetpack_sharing_enabled":true,"jetpack_shortlink":"https:\/\/wp.me\/p5O37M-5s","_links":{"self":[{"href":"https:\/\/ozanamiron.ro\/blog\/wp-json\/wp\/v2\/posts\/338"}],"collection":[{"href":"https:\/\/ozanamiron.ro\/blog\/wp-json\/wp\/v2\/posts"}],"about":[{"href":"https:\/\/ozanamiron.ro\/blog\/wp-json\/wp\/v2\/types\/post"}],"author":[{"embeddable":true,"href":"https:\/\/ozanamiron.ro\/blog\/wp-json\/wp\/v2\/users\/1"}],"replies":[{"embeddable":true,"href":"https:\/\/ozanamiron.ro\/blog\/wp-json\/wp\/v2\/comments?post=338"}],"version-history":[{"count":10,"href":"https:\/\/ozanamiron.ro\/blog\/wp-json\/wp\/v2\/posts\/338\/revisions"}],"predecessor-version":[{"id":382,"href":"https:\/\/ozanamiron.ro\/blog\/wp-json\/wp\/v2\/posts\/338\/revisions\/382"}],"wp:featuredmedia":[{"embeddable":true,"href":"https:\/\/ozanamiron.ro\/blog\/wp-json\/wp\/v2\/media\/341"}],"wp:attachment":[{"href":"https:\/\/ozanamiron.ro\/blog\/wp-json\/wp\/v2\/media?parent=338"}],"wp:term":[{"taxonomy":"category","embeddable":true,"href":"https:\/\/ozanamiron.ro\/blog\/wp-json\/wp\/v2\/categories?post=338"},{"taxonomy":"post_tag","embeddable":true,"href":"https:\/\/ozanamiron.ro\/blog\/wp-json\/wp\/v2\/tags?post=338"}],"curies":[{"name":"wp","href":"https:\/\/api.w.org\/{rel}","templated":true}]}}