{"id":215,"date":"2017-08-30T12:59:58","date_gmt":"2017-08-30T09:59:58","guid":{"rendered":"http:\/\/ozananitulescu.ro\/blog\/?p=215"},"modified":"2020-02-13T17:39:18","modified_gmt":"2020-02-13T15:39:18","slug":"cum-mai-esti","status":"publish","type":"post","link":"https:\/\/ozanamiron.ro\/blog\/cum-mai-esti\/","title":{"rendered":"Cum mai e\u0219ti? &#8211; un grup de dezvoltare personal\u0103"},"content":{"rendered":"<p><a href=\"https:\/\/ozananitulescu.ro\/blog\/psihoterapia-de-grup\/\">Grupurile de dezvoltare\u00a0\u0219i de terapie<\/a> sunt o preocupare constant\u0103 pentru mine, \u00eemi aduc bucurie \u0219i m\u0103 ajut\u0103 s\u0103 cresc \u0219i s\u0103 \u00eenv\u0103\u021b despre mine, oameni \u0219i lume. Cred \u00een puterea lor de a face o diferen\u021b\u0103 pozitiv\u0103 \u00een via\u021b\u0103 \u0219i tocmai de aceea, insist \u00een privin\u021ba lor. <strong>\u201eCum mai e\u0219ti?\u201d este un concept pentru un grup de dezvoltare personal\u0103<\/strong> la care lucrez de ceva vreme \u0219i pe care m-am hot\u0103r\u00e2t s\u0103 \u00eel organizez periodic, de dou\u0103 ori pe an.<\/p>\n<p><!--more--><\/p>\n<p><strong>\u201eCum mai e\u0219ti?\u201d este o \u00eentrebare pe care o pun des.<\/strong> \u00cemi place pentru c\u0103 este deschis\u0103 \u0219i cuprinz\u0103toare, pentru c\u0103 este despre a fi, despre prezent, dar \u0219i despre posibilit\u0103\u021bi \u0219i transformare. <strong>Invit\u0103 \u0219i la explorare interioar\u0103, \u0219i la dialog.<\/strong> Mi-o pot adresa mie \u00eens\u0103mi, \u0219i atunci m\u0103 ajut\u0103 s\u0103 m\u0103 v\u0103d dintr-o perspectiv\u0103 mai ampl\u0103 \u0219i s\u0103 \u00eemi dau seama mai clar ce \u0219i cum simt \u0219i cred, sau \u00eei pot \u00eentreba pe ceilal\u021bi, \u0219i atunci m\u0103 ajut\u0103 s\u0103 ascult, s\u0103 fac loc \u0219i pentru altceva \u00een afar\u0103 de lucrurile care m\u0103 preocup\u0103 pe mine, \u0219i s\u0103 creez leg\u0103turi pline de sens cu al\u021bi oameni. Este o \u00eentrebare de \u00eenceput, un prim pas dintr-o c\u0103l\u0103torie de descoperire, dar \u0219i o bun\u0103 \u00eentrebare de verificare dac\u0103 drumul e \u00een continuare bun sau trebuie f\u0103cute ajust\u0103ri.<\/p>\n<p>Pentru toate acestea, \u201eCum mai e\u0219ti?\u201d este\u00a0<span style=\"color: #999999;\">(zic eu)\u00a0<\/span>un nume foarte potrivit pentru un grup de dezvoltare\u00a0\u0219i o \u00eentrebare care se simte ca acas\u0103 \u00eentr-un astfel de cadru &#8211; \u00een care, tocmai, participan\u021bii \u00eenva\u021b\u0103 mai multe despre ei \u00een\u0219i\u0219i \u0219i despre ceilal\u021bi, \u00ee\u0219i descoper\u0103, acceseaz\u0103 \u0219i exerseaz\u0103 noi, alte sau mai multe resurse \u0219i capacit\u0103\u021bi afective, rela\u021bionale sau de ac\u021biune, diferite moduri de a fi.<\/p>\n<p>Exist\u0103 mai multe posibilit\u0103\u021bi de a structura un grup de dezvoltare personal\u0103. El poate fi deschis sau \u00eenchis (adic\u0103 membrilor ini\u021biali li se pot al\u0103tura periodic \u0219i alte persoane, sau nu), s\u0103pt\u0103m\u00e2nal, bilunar, lunar, sau chiar anual (dac\u0103 este intensiv \u0219i dureaz\u0103 mai multe zile), poate fi un grup mic sau mare (de\u0219i \u201emic\u201d \u00een unele cazuri poate fi \u201emare\u201d din alte perspective, sau invers), \u0219i poate dura de la c\u00e2teva ore, la c\u00e2teva zile.<\/p>\n<p>Pentru \u201eCum mai e\u0219ti?\u201d am ales ca <strong>grupul s\u0103 fie unul<\/strong> <strong>\u00eenchis<\/strong> &#8211; odat\u0103 ce a \u00eenceput, s\u0103 fie constituit din aceia\u0219i membri p\u00e2n\u0103 ce se \u00eencheie. <strong>\u00cent\u00e2lnirile s\u0103 fie s\u0103pt\u0103m\u00e2nale \u0219i s\u0103 aib\u0103 loc seara \u00een cursul zilelor lucr\u0103toare<\/strong> &#8211; pentru ca procesul de dezvoltare pe care \u00eel declan\u0219eaz\u0103 s\u0103 fie c\u00e2t mai sincronizat cu ritmul vie\u021bii de zi cu zi, \u0219i s\u0103 fie \u00een acela\u0219i timp o preocupare proasp\u0103t\u0103, dar \u0219i constant\u0103. <strong>S\u0103 dureze c\u00e2t cincisprezece \u00eent\u00e2lniri<\/strong>, pentru c\u0103 \u00eencrederea nu se construie\u0219te peste noapte, iar descoperirile \u0219i schimb\u0103rile interioare au nevoie de un timp mai lung \u00een care s\u0103 fie explorate \u0219i integrate <span style=\"color: #999999;\">(poate chiar mai lung de cincisprezece \u00eent\u00e2lniri, dar acela ar fi un alt grup)<\/span>. <strong>Fiecare \u00eent\u00e2lnire s\u0103 dureze dou\u0103 ore \u0219i jum\u0103tate<\/strong>, pentru ca grupul s\u0103 poat\u0103 s\u0103 ajung\u0103 la un subiect \u0219i s\u0103 \u00eel discute pe \u00eendelete. \u0218i, \u00een fine, ca <strong>grupul s\u0103 fie unul mic. <\/strong>C\u00e2nd spun \u201emic\u201d, m\u0103 g\u00e2ndesc la un minim de opt participan\u021bi \u0219i la un maxim de doisprezece, pentru ca dinamica grupului s\u0103 func\u021bioneze c\u00e2t mai eficient \u0219i pentru a asigura constan\u021ba \u00eent\u00e2lnirilor &#8211; \u00een condi\u021biile \u00een care exist\u0103 un singur facilitator <span style=\"color: #999999;\">(cu c\u00e2t sunt mai mul\u021bi participan\u021bi, cu at\u00e2t este nevoie de mai mul\u021bi facilitatori)<\/span>.<\/p>\n<p>\u00cen fine, <strong>\u201eCum mai e\u0219ti?\u201d se va desf\u0103\u0219ura de dou\u0103 ori pe an. Grupul de toamn\u0103 va \u00eencepe \u00een prima miercuri din octombrie, iar grupul de prim\u0103var\u0103 &#8211; \u00een prima miercuri din martie.<\/strong> <strong>\u00censcrierile vor avea loc \u00een septembrie, respectiv februarie<\/strong>, \u0219i vor consta \u00een completarea online a unui formular \u0219i participarea la o \u00eent\u00e2lnire individual\u0103. \u00cent\u00e2lnirea individual\u0103 de dinaintea \u00eenceperii grupului are mai multe ra\u021biuni &#8211; este o \u00eent\u00e2lnire de cunoa\u0219tere \u0219i de clarificare \u0219i ajut\u0103 \u00een acela\u0219i timp la construirea \u00eencrederii \u0219i la stabilirea cadrului de lucru.<\/p>\n<p>Fiind un <strong>grup \u00een orientarea centrat\u0103 pe persoan\u0103<\/strong>, \u201eCum mai e\u0219ti\u201d nu are o tematic\u0103 sau o direc\u021bie de explorare prestabilite, altele dec\u00e2t cele foarte generale pe care le indic\u0103 titlul <span style=\"color: #999999;\">(este, adic\u0103, non-directiv)<\/span>. \u00cen schimb, grupul \u00een sine va fi cel care va alege de fiecare dat\u0103 \u00een jurul c\u0103rui subiect s\u0103 discute, \u0219i ce tem\u0103 este relevant\u0103 pentru membri, care este cea mai semnificativ\u0103 pentru ei individual \u0219i ca grup. Ascultarea empatic\u0103 \u0219i pre\u021buirea sincer\u0103 a persoanelor \u0219i tr\u0103irilor lor &#8211; drept ceea ce sunt \u0219i pentru ceea ce sunt &#8211; vor fi principiile active care vor da grupului \u0219i membrilor lui posibilitatea s\u0103 se dezvolte a\u0219a cum are \u0219i au nevoie.<\/p>\n<p>Asta este de fapt \u0219i ceea ce \u00eemi doresc eu de la \u201eCum mai e\u0219ti?\u201d &#8211; s\u0103 fie un grup care s\u0103 faciliteze dezvoltarea personal\u0103, \u00eentr-un mod centrat pe persoan\u0103. \ud83d\ude42<\/p>\n<p>Acestea fiind scrise, v\u0103 a\u0219tept cu bucurie la grup!<\/p>\n<p>\u201eCum mai e\u0219ti?\u201d &#8211; grupul de prim\u0103var\u0103 din 2018 va \u00eencepe miercuri 7 martie, la ora 18:30. Pentru \u00eenscrieri, completa\u021bi <a href=\"https:\/\/docs.google.com\/forms\/d\/e\/1FAIpQLSdij0rF_wk2-84oJ8xG_Aibxtbmb_eQe2siUzhVw4k6p_qQrQ\/viewform?usp=sf_link\">acest<\/a> formular. Ve\u021bi g\u0103si \u00een el \u0219i informa\u021bii organizatorice mai detaliate, inclusiv cele legate de costuri. Ve\u021bi g\u0103si grupul \u0219i pe facebook, <a href=\"https:\/\/www.facebook.com\/events\/136090083869396\/\">aici<\/a>.<\/p>\n","protected":false},"excerpt":{"rendered":"<p>Grupurile de dezvoltare\u00a0\u0219i de terapie sunt o preocupare constant\u0103 pentru mine, \u00eemi aduc bucurie \u0219i m\u0103 ajut\u0103 s\u0103 cresc \u0219i s\u0103 \u00eenv\u0103\u021b despre mine, oameni \u0219i lume. Cred \u00een puterea lor de a face o diferen\u021b\u0103 pozitiv\u0103 \u00een via\u021b\u0103 \u0219i tocmai de aceea, insist \u00een privin\u021ba lor. \u201eCum mai e\u0219ti?\u201d este un concept pentru un &hellip; <a href=\"https:\/\/ozanamiron.ro\/blog\/cum-mai-esti\/\" class=\"more-link\">Continue reading <span class=\"screen-reader-text\">Cum mai e\u0219ti? &#8211; un grup de dezvoltare personal\u0103<\/span><\/a><\/p>\n","protected":false},"author":1,"featured_media":170,"comment_status":"open","ping_status":"open","sticky":false,"template":"","format":"standard","meta":{"jetpack_post_was_ever_published":false,"_jetpack_newsletter_access":"","_jetpack_dont_email_post_to_subs":false,"_jetpack_newsletter_tier_id":0,"_jetpack_memberships_contains_paywalled_content":false,"_jetpack_memberships_contains_paid_content":false,"footnotes":"","jetpack_publicize_message":"","jetpack_publicize_feature_enabled":true,"jetpack_social_post_already_shared":true,"jetpack_social_options":{"image_generator_settings":{"template":"highway","enabled":false},"version":2}},"categories":[55,47],"tags":[45,56,51],"jetpack_publicize_connections":[],"yoast_head":"<!-- This site is optimized with the Yoast SEO plugin v24.5 - https:\/\/yoast.com\/wordpress\/plugins\/seo\/ -->\n<title>Cum mai e\u0219ti? - un grup de dezvoltare personal\u0103 - Ozana Miron<\/title>\n<meta name=\"description\" content=\"\u201eCum mai e\u0219ti?\u201d este un grup de dezvoltare personal\u0103 \u00een orientarea centrat\u0103 pe persoan\u0103 care \u00eencepe prim\u0103vara, \u00een martie \u0219i toamna, \u00een octombrie.\" \/>\n<meta name=\"robots\" content=\"index, follow, max-snippet:-1, max-image-preview:large, max-video-preview:-1\" \/>\n<link rel=\"canonical\" href=\"https:\/\/ozanamiron.ro\/blog\/cum-mai-esti\/\" \/>\n<meta property=\"og:locale\" content=\"en_US\" \/>\n<meta property=\"og:type\" content=\"article\" \/>\n<meta property=\"og:title\" content=\"Cum mai e\u0219ti? - un grup de dezvoltare personal\u0103 - Ozana Miron\" \/>\n<meta property=\"og:description\" content=\"\u201eCum mai e\u0219ti?\u201d este un grup de dezvoltare personal\u0103 \u00een orientarea centrat\u0103 pe persoan\u0103 care \u00eencepe prim\u0103vara, \u00een martie \u0219i toamna, \u00een octombrie.\" \/>\n<meta property=\"og:url\" content=\"https:\/\/ozanamiron.ro\/blog\/cum-mai-esti\/\" \/>\n<meta property=\"og:site_name\" content=\"Ozana Miron\" \/>\n<meta property=\"article:publisher\" content=\"https:\/\/www.facebook.com\/Psihoterapeut.Ozana.Miron\/\" \/>\n<meta property=\"article:author\" content=\"https:\/\/www.facebook.com\/Psihoterapeut.Ozana.Miron\/\" \/>\n<meta property=\"article:published_time\" content=\"2017-08-30T09:59:58+00:00\" \/>\n<meta property=\"article:modified_time\" content=\"2020-02-13T15:39:18+00:00\" \/>\n<meta property=\"og:image\" content=\"https:\/\/ozanamiron.ro\/blog\/wp-content\/uploads\/2017\/03\/17636829_1645885475441130_51776460575739892_o-e1547573967831.jpg\" \/>\n\t<meta property=\"og:image:width\" content=\"800\" \/>\n\t<meta property=\"og:image:height\" content=\"582\" \/>\n\t<meta property=\"og:image:type\" content=\"image\/jpeg\" \/>\n<meta name=\"author\" content=\"ozana\" \/>\n<meta name=\"twitter:label1\" content=\"Written by\" \/>\n\t<meta name=\"twitter:data1\" content=\"ozana\" \/>\n\t<meta name=\"twitter:label2\" content=\"Est. reading time\" \/>\n\t<meta name=\"twitter:data2\" content=\"5 minutes\" \/>\n<script type=\"application\/ld+json\" class=\"yoast-schema-graph\">{\"@context\":\"https:\/\/schema.org\",\"@graph\":[{\"@type\":\"Article\",\"@id\":\"https:\/\/ozanamiron.ro\/blog\/cum-mai-esti\/#article\",\"isPartOf\":{\"@id\":\"https:\/\/ozanamiron.ro\/blog\/cum-mai-esti\/\"},\"author\":{\"name\":\"ozana\",\"@id\":\"https:\/\/ozanamiron.ro\/blog\/#\/schema\/person\/725705a7dc6040616f72093cd641c489\"},\"headline\":\"Cum mai e\u0219ti? &#8211; un grup de dezvoltare personal\u0103\",\"datePublished\":\"2017-08-30T09:59:58+00:00\",\"dateModified\":\"2020-02-13T15:39:18+00:00\",\"mainEntityOfPage\":{\"@id\":\"https:\/\/ozanamiron.ro\/blog\/cum-mai-esti\/\"},\"wordCount\":950,\"commentCount\":2,\"publisher\":{\"@id\":\"https:\/\/ozanamiron.ro\/blog\/#organization\"},\"image\":{\"@id\":\"https:\/\/ozanamiron.ro\/blog\/cum-mai-esti\/#primaryimage\"},\"thumbnailUrl\":\"https:\/\/i0.wp.com\/ozanamiron.ro\/blog\/wp-content\/uploads\/2017\/03\/17636829_1645885475441130_51776460575739892_o-e1547573967831.jpg?fit=800%2C582&ssl=1\",\"keywords\":[\"ascultare empatic\u0103\",\"Cum mai e\u0219ti?\",\"dezvoltare personal\u0103 de grup\"],\"articleSection\":[\"Cum mai e\u0219ti?\",\"preocup\u0103ri\"],\"inLanguage\":\"en-US\",\"potentialAction\":[{\"@type\":\"CommentAction\",\"name\":\"Comment\",\"target\":[\"https:\/\/ozanamiron.ro\/blog\/cum-mai-esti\/#respond\"]}]},{\"@type\":\"WebPage\",\"@id\":\"https:\/\/ozanamiron.ro\/blog\/cum-mai-esti\/\",\"url\":\"https:\/\/ozanamiron.ro\/blog\/cum-mai-esti\/\",\"name\":\"Cum mai e\u0219ti? - un grup de dezvoltare personal\u0103 - Ozana Miron\",\"isPartOf\":{\"@id\":\"https:\/\/ozanamiron.ro\/blog\/#website\"},\"primaryImageOfPage\":{\"@id\":\"https:\/\/ozanamiron.ro\/blog\/cum-mai-esti\/#primaryimage\"},\"image\":{\"@id\":\"https:\/\/ozanamiron.ro\/blog\/cum-mai-esti\/#primaryimage\"},\"thumbnailUrl\":\"https:\/\/i0.wp.com\/ozanamiron.ro\/blog\/wp-content\/uploads\/2017\/03\/17636829_1645885475441130_51776460575739892_o-e1547573967831.jpg?fit=800%2C582&ssl=1\",\"datePublished\":\"2017-08-30T09:59:58+00:00\",\"dateModified\":\"2020-02-13T15:39:18+00:00\",\"description\":\"\u201eCum mai e\u0219ti?\u201d este un grup de dezvoltare personal\u0103 \u00een orientarea centrat\u0103 pe persoan\u0103 care \u00eencepe prim\u0103vara, \u00een martie \u0219i toamna, \u00een octombrie.\",\"breadcrumb\":{\"@id\":\"https:\/\/ozanamiron.ro\/blog\/cum-mai-esti\/#breadcrumb\"},\"inLanguage\":\"en-US\",\"potentialAction\":[{\"@type\":\"ReadAction\",\"target\":[\"https:\/\/ozanamiron.ro\/blog\/cum-mai-esti\/\"]}]},{\"@type\":\"ImageObject\",\"inLanguage\":\"en-US\",\"@id\":\"https:\/\/ozanamiron.ro\/blog\/cum-mai-esti\/#primaryimage\",\"url\":\"https:\/\/i0.wp.com\/ozanamiron.ro\/blog\/wp-content\/uploads\/2017\/03\/17636829_1645885475441130_51776460575739892_o-e1547573967831.jpg?fit=800%2C582&ssl=1\",\"contentUrl\":\"https:\/\/i0.wp.com\/ozanamiron.ro\/blog\/wp-content\/uploads\/2017\/03\/17636829_1645885475441130_51776460575739892_o-e1547573967831.jpg?fit=800%2C582&ssl=1\",\"width\":800,\"height\":582,\"caption\":\"Cum mai e\u0219ti? - o \u00eentrebare bun\u0103 de explorat \u00eentr-un grup de dezvoltare\"},{\"@type\":\"BreadcrumbList\",\"@id\":\"https:\/\/ozanamiron.ro\/blog\/cum-mai-esti\/#breadcrumb\",\"itemListElement\":[{\"@type\":\"ListItem\",\"position\":1,\"name\":\"Home\",\"item\":\"https:\/\/ozanamiron.ro\/blog\/\"},{\"@type\":\"ListItem\",\"position\":2,\"name\":\"Cum mai e\u0219ti? &#8211; un grup de dezvoltare personal\u0103\"}]},{\"@type\":\"WebSite\",\"@id\":\"https:\/\/ozanamiron.ro\/blog\/#website\",\"url\":\"https:\/\/ozanamiron.ro\/blog\/\",\"name\":\"Ozana Miron\",\"description\":\"Din pasiune, despre psihoterapia centrat\u0103 pe persoan\u0103.\",\"publisher\":{\"@id\":\"https:\/\/ozanamiron.ro\/blog\/#organization\"},\"potentialAction\":[{\"@type\":\"SearchAction\",\"target\":{\"@type\":\"EntryPoint\",\"urlTemplate\":\"https:\/\/ozanamiron.ro\/blog\/?s={search_term_string}\"},\"query-input\":{\"@type\":\"PropertyValueSpecification\",\"valueRequired\":true,\"valueName\":\"search_term_string\"}}],\"inLanguage\":\"en-US\"},{\"@type\":\"Organization\",\"@id\":\"https:\/\/ozanamiron.ro\/blog\/#organization\",\"name\":\"Ozana Miron\",\"url\":\"https:\/\/ozanamiron.ro\/blog\/\",\"logo\":{\"@type\":\"ImageObject\",\"inLanguage\":\"en-US\",\"@id\":\"https:\/\/ozanamiron.ro\/blog\/#\/schema\/logo\/image\/\",\"url\":\"https:\/\/i0.wp.com\/ozanamiron.ro\/blog\/wp-content\/uploads\/2015\/03\/copac-si-nori.jpg?fit=1080%2C1920&ssl=1\",\"contentUrl\":\"https:\/\/i0.wp.com\/ozanamiron.ro\/blog\/wp-content\/uploads\/2015\/03\/copac-si-nori.jpg?fit=1080%2C1920&ssl=1\",\"width\":1080,\"height\":1920,\"caption\":\"Ozana Miron\"},\"image\":{\"@id\":\"https:\/\/ozanamiron.ro\/blog\/#\/schema\/logo\/image\/\"},\"sameAs\":[\"https:\/\/www.facebook.com\/Psihoterapeut.Ozana.Miron\/\"]},{\"@type\":\"Person\",\"@id\":\"https:\/\/ozanamiron.ro\/blog\/#\/schema\/person\/725705a7dc6040616f72093cd641c489\",\"name\":\"ozana\",\"image\":{\"@type\":\"ImageObject\",\"inLanguage\":\"en-US\",\"@id\":\"https:\/\/ozanamiron.ro\/blog\/#\/schema\/person\/image\/\",\"url\":\"https:\/\/secure.gravatar.com\/avatar\/3044b6fc49a7c2f8dfe13f71a61d3806?s=96&d=mm&r=g\",\"contentUrl\":\"https:\/\/secure.gravatar.com\/avatar\/3044b6fc49a7c2f8dfe13f71a61d3806?s=96&d=mm&r=g\",\"caption\":\"ozana\"},\"sameAs\":[\"http:\/\/ozanamiron.ro\",\"https:\/\/www.facebook.com\/Psihoterapeut.Ozana.Miron\/\"],\"url\":\"https:\/\/ozanamiron.ro\/blog\/author\/ozana\/\"}]}<\/script>\n<!-- \/ Yoast SEO plugin. -->","yoast_head_json":{"title":"Cum mai e\u0219ti? - un grup de dezvoltare personal\u0103 - Ozana Miron","description":"\u201eCum mai e\u0219ti?\u201d este un grup de dezvoltare personal\u0103 \u00een orientarea centrat\u0103 pe persoan\u0103 care \u00eencepe prim\u0103vara, \u00een martie \u0219i toamna, \u00een octombrie.","robots":{"index":"index","follow":"follow","max-snippet":"max-snippet:-1","max-image-preview":"max-image-preview:large","max-video-preview":"max-video-preview:-1"},"canonical":"https:\/\/ozanamiron.ro\/blog\/cum-mai-esti\/","og_locale":"en_US","og_type":"article","og_title":"Cum mai e\u0219ti? - un grup de dezvoltare personal\u0103 - Ozana Miron","og_description":"\u201eCum mai e\u0219ti?\u201d este un grup de dezvoltare personal\u0103 \u00een orientarea centrat\u0103 pe persoan\u0103 care \u00eencepe prim\u0103vara, \u00een martie \u0219i toamna, \u00een octombrie.","og_url":"https:\/\/ozanamiron.ro\/blog\/cum-mai-esti\/","og_site_name":"Ozana Miron","article_publisher":"https:\/\/www.facebook.com\/Psihoterapeut.Ozana.Miron\/","article_author":"https:\/\/www.facebook.com\/Psihoterapeut.Ozana.Miron\/","article_published_time":"2017-08-30T09:59:58+00:00","article_modified_time":"2020-02-13T15:39:18+00:00","og_image":[{"width":800,"height":582,"url":"https:\/\/ozanamiron.ro\/blog\/wp-content\/uploads\/2017\/03\/17636829_1645885475441130_51776460575739892_o-e1547573967831.jpg","type":"image\/jpeg"}],"author":"ozana","twitter_misc":{"Written by":"ozana","Est. reading time":"5 minutes"},"schema":{"@context":"https:\/\/schema.org","@graph":[{"@type":"Article","@id":"https:\/\/ozanamiron.ro\/blog\/cum-mai-esti\/#article","isPartOf":{"@id":"https:\/\/ozanamiron.ro\/blog\/cum-mai-esti\/"},"author":{"name":"ozana","@id":"https:\/\/ozanamiron.ro\/blog\/#\/schema\/person\/725705a7dc6040616f72093cd641c489"},"headline":"Cum mai e\u0219ti? &#8211; un grup de dezvoltare personal\u0103","datePublished":"2017-08-30T09:59:58+00:00","dateModified":"2020-02-13T15:39:18+00:00","mainEntityOfPage":{"@id":"https:\/\/ozanamiron.ro\/blog\/cum-mai-esti\/"},"wordCount":950,"commentCount":2,"publisher":{"@id":"https:\/\/ozanamiron.ro\/blog\/#organization"},"image":{"@id":"https:\/\/ozanamiron.ro\/blog\/cum-mai-esti\/#primaryimage"},"thumbnailUrl":"https:\/\/i0.wp.com\/ozanamiron.ro\/blog\/wp-content\/uploads\/2017\/03\/17636829_1645885475441130_51776460575739892_o-e1547573967831.jpg?fit=800%2C582&ssl=1","keywords":["ascultare empatic\u0103","Cum mai e\u0219ti?","dezvoltare personal\u0103 de grup"],"articleSection":["Cum mai e\u0219ti?","preocup\u0103ri"],"inLanguage":"en-US","potentialAction":[{"@type":"CommentAction","name":"Comment","target":["https:\/\/ozanamiron.ro\/blog\/cum-mai-esti\/#respond"]}]},{"@type":"WebPage","@id":"https:\/\/ozanamiron.ro\/blog\/cum-mai-esti\/","url":"https:\/\/ozanamiron.ro\/blog\/cum-mai-esti\/","name":"Cum mai e\u0219ti? - un grup de dezvoltare personal\u0103 - Ozana Miron","isPartOf":{"@id":"https:\/\/ozanamiron.ro\/blog\/#website"},"primaryImageOfPage":{"@id":"https:\/\/ozanamiron.ro\/blog\/cum-mai-esti\/#primaryimage"},"image":{"@id":"https:\/\/ozanamiron.ro\/blog\/cum-mai-esti\/#primaryimage"},"thumbnailUrl":"https:\/\/i0.wp.com\/ozanamiron.ro\/blog\/wp-content\/uploads\/2017\/03\/17636829_1645885475441130_51776460575739892_o-e1547573967831.jpg?fit=800%2C582&ssl=1","datePublished":"2017-08-30T09:59:58+00:00","dateModified":"2020-02-13T15:39:18+00:00","description":"\u201eCum mai e\u0219ti?\u201d este un grup de dezvoltare personal\u0103 \u00een orientarea centrat\u0103 pe persoan\u0103 care \u00eencepe prim\u0103vara, \u00een martie \u0219i toamna, \u00een octombrie.","breadcrumb":{"@id":"https:\/\/ozanamiron.ro\/blog\/cum-mai-esti\/#breadcrumb"},"inLanguage":"en-US","potentialAction":[{"@type":"ReadAction","target":["https:\/\/ozanamiron.ro\/blog\/cum-mai-esti\/"]}]},{"@type":"ImageObject","inLanguage":"en-US","@id":"https:\/\/ozanamiron.ro\/blog\/cum-mai-esti\/#primaryimage","url":"https:\/\/i0.wp.com\/ozanamiron.ro\/blog\/wp-content\/uploads\/2017\/03\/17636829_1645885475441130_51776460575739892_o-e1547573967831.jpg?fit=800%2C582&ssl=1","contentUrl":"https:\/\/i0.wp.com\/ozanamiron.ro\/blog\/wp-content\/uploads\/2017\/03\/17636829_1645885475441130_51776460575739892_o-e1547573967831.jpg?fit=800%2C582&ssl=1","width":800,"height":582,"caption":"Cum mai e\u0219ti? - o \u00eentrebare bun\u0103 de explorat \u00eentr-un grup de dezvoltare"},{"@type":"BreadcrumbList","@id":"https:\/\/ozanamiron.ro\/blog\/cum-mai-esti\/#breadcrumb","itemListElement":[{"@type":"ListItem","position":1,"name":"Home","item":"https:\/\/ozanamiron.ro\/blog\/"},{"@type":"ListItem","position":2,"name":"Cum mai e\u0219ti? &#8211; un grup de dezvoltare personal\u0103"}]},{"@type":"WebSite","@id":"https:\/\/ozanamiron.ro\/blog\/#website","url":"https:\/\/ozanamiron.ro\/blog\/","name":"Ozana Miron","description":"Din pasiune, despre psihoterapia centrat\u0103 pe persoan\u0103.","publisher":{"@id":"https:\/\/ozanamiron.ro\/blog\/#organization"},"potentialAction":[{"@type":"SearchAction","target":{"@type":"EntryPoint","urlTemplate":"https:\/\/ozanamiron.ro\/blog\/?s={search_term_string}"},"query-input":{"@type":"PropertyValueSpecification","valueRequired":true,"valueName":"search_term_string"}}],"inLanguage":"en-US"},{"@type":"Organization","@id":"https:\/\/ozanamiron.ro\/blog\/#organization","name":"Ozana Miron","url":"https:\/\/ozanamiron.ro\/blog\/","logo":{"@type":"ImageObject","inLanguage":"en-US","@id":"https:\/\/ozanamiron.ro\/blog\/#\/schema\/logo\/image\/","url":"https:\/\/i0.wp.com\/ozanamiron.ro\/blog\/wp-content\/uploads\/2015\/03\/copac-si-nori.jpg?fit=1080%2C1920&ssl=1","contentUrl":"https:\/\/i0.wp.com\/ozanamiron.ro\/blog\/wp-content\/uploads\/2015\/03\/copac-si-nori.jpg?fit=1080%2C1920&ssl=1","width":1080,"height":1920,"caption":"Ozana Miron"},"image":{"@id":"https:\/\/ozanamiron.ro\/blog\/#\/schema\/logo\/image\/"},"sameAs":["https:\/\/www.facebook.com\/Psihoterapeut.Ozana.Miron\/"]},{"@type":"Person","@id":"https:\/\/ozanamiron.ro\/blog\/#\/schema\/person\/725705a7dc6040616f72093cd641c489","name":"ozana","image":{"@type":"ImageObject","inLanguage":"en-US","@id":"https:\/\/ozanamiron.ro\/blog\/#\/schema\/person\/image\/","url":"https:\/\/secure.gravatar.com\/avatar\/3044b6fc49a7c2f8dfe13f71a61d3806?s=96&d=mm&r=g","contentUrl":"https:\/\/secure.gravatar.com\/avatar\/3044b6fc49a7c2f8dfe13f71a61d3806?s=96&d=mm&r=g","caption":"ozana"},"sameAs":["http:\/\/ozanamiron.ro","https:\/\/www.facebook.com\/Psihoterapeut.Ozana.Miron\/"],"url":"https:\/\/ozanamiron.ro\/blog\/author\/ozana\/"}]}},"jetpack_featured_media_url":"https:\/\/i0.wp.com\/ozanamiron.ro\/blog\/wp-content\/uploads\/2017\/03\/17636829_1645885475441130_51776460575739892_o-e1547573967831.jpg?fit=800%2C582&ssl=1","jetpack_sharing_enabled":true,"jetpack_shortlink":"https:\/\/wp.me\/p5O37M-3t","_links":{"self":[{"href":"https:\/\/ozanamiron.ro\/blog\/wp-json\/wp\/v2\/posts\/215"}],"collection":[{"href":"https:\/\/ozanamiron.ro\/blog\/wp-json\/wp\/v2\/posts"}],"about":[{"href":"https:\/\/ozanamiron.ro\/blog\/wp-json\/wp\/v2\/types\/post"}],"author":[{"embeddable":true,"href":"https:\/\/ozanamiron.ro\/blog\/wp-json\/wp\/v2\/users\/1"}],"replies":[{"embeddable":true,"href":"https:\/\/ozanamiron.ro\/blog\/wp-json\/wp\/v2\/comments?post=215"}],"version-history":[{"count":6,"href":"https:\/\/ozanamiron.ro\/blog\/wp-json\/wp\/v2\/posts\/215\/revisions"}],"predecessor-version":[{"id":376,"href":"https:\/\/ozanamiron.ro\/blog\/wp-json\/wp\/v2\/posts\/215\/revisions\/376"}],"wp:featuredmedia":[{"embeddable":true,"href":"https:\/\/ozanamiron.ro\/blog\/wp-json\/wp\/v2\/media\/170"}],"wp:attachment":[{"href":"https:\/\/ozanamiron.ro\/blog\/wp-json\/wp\/v2\/media?parent=215"}],"wp:term":[{"taxonomy":"category","embeddable":true,"href":"https:\/\/ozanamiron.ro\/blog\/wp-json\/wp\/v2\/categories?post=215"},{"taxonomy":"post_tag","embeddable":true,"href":"https:\/\/ozanamiron.ro\/blog\/wp-json\/wp\/v2\/tags?post=215"}],"curies":[{"name":"wp","href":"https:\/\/api.w.org\/{rel}","templated":true}]}}